{"id":125,"date":"2019-03-23T22:22:37","date_gmt":"2019-03-23T20:22:37","guid":{"rendered":"https:\/\/peku.kapsi.fi\/blog\/?p=125"},"modified":"2019-03-23T22:28:05","modified_gmt":"2019-03-23T20:28:05","slug":"kahvat-ja-knaapit","status":"publish","type":"post","link":"https:\/\/peku.kapsi.fi\/blog\/fi\/2019\/03\/23\/kahvat-ja-knaapit\/","title":{"rendered":"Kahvat ja knaapit"},"content":{"rendered":"\n<figure class=\"wp-block-image\"><img loading=\"lazy\" decoding=\"async\" width=\"1024\" height=\"576\" src=\"https:\/\/peku.kapsi.fi\/blog\/wp-content\/uploads\/2019\/03\/DSC_0508-1024x576.jpg\" alt=\"\" class=\"wp-image-55\" srcset=\"https:\/\/peku.kapsi.fi\/blog\/wp-content\/uploads\/2019\/03\/DSC_0508-1024x576.jpg 1024w, https:\/\/peku.kapsi.fi\/blog\/wp-content\/uploads\/2019\/03\/DSC_0508-300x169.jpg 300w, https:\/\/peku.kapsi.fi\/blog\/wp-content\/uploads\/2019\/03\/DSC_0508-768x432.jpg 768w, https:\/\/peku.kapsi.fi\/blog\/wp-content\/uploads\/2019\/03\/DSC_0508-1400x788.jpg 1400w\" sizes=\"auto, (max-width: 1024px) 100vw, 1024px\" \/><figcaption>Ennen<\/figcaption><\/figure>\n\n\n\n<p>Alkuper\u00e4iset tartuntakahvat ja knaapit ovat tiikki\u00e4 ja ovat tietysti vuosien mittaan kuivuneet ja haalistuneet. Irroitin ne kaikki, hioin ja \u00f6ljysin useaan kertaan.  Joidenkin mielest\u00e4 on syyt\u00e4 my\u00f6s lakata, toiset sanoo ett\u00e4 \u00f6ljy riitt\u00e4\u00e4 ja ett\u00e4 sit\u00e4 voi lis\u00e4t\u00e4 tarpeen mukaan. T\u00e4ll\u00e4 kertaa laitoin vain \u00f6ljy\u00e4, katsotaan miten k\u00e4y. <\/p>\n\n\n\n<p>Knaapit tosin lakkasin, Vanhanajan venelakalla 7-8 kerrosta ja hyv\u00e4 tuli.<\/p>\n\n\n\n<figure class=\"wp-block-image\"><img loading=\"lazy\" decoding=\"async\" width=\"1024\" height=\"576\" src=\"https:\/\/peku.kapsi.fi\/blog\/wp-content\/uploads\/2019\/03\/DSC_0519-1024x576.jpg\" alt=\"\" class=\"wp-image-56\" srcset=\"https:\/\/peku.kapsi.fi\/blog\/wp-content\/uploads\/2019\/03\/DSC_0519-1024x576.jpg 1024w, https:\/\/peku.kapsi.fi\/blog\/wp-content\/uploads\/2019\/03\/DSC_0519-300x169.jpg 300w, https:\/\/peku.kapsi.fi\/blog\/wp-content\/uploads\/2019\/03\/DSC_0519-768x432.jpg 768w, https:\/\/peku.kapsi.fi\/blog\/wp-content\/uploads\/2019\/03\/DSC_0519-1400x788.jpg 1400w\" sizes=\"auto, (max-width: 1024px) 100vw, 1024px\" \/><figcaption>Ennen ja j\u00e4lkeen hionnan<\/figcaption><\/figure>\n\n\n\n<figure class=\"wp-block-image\"><img loading=\"lazy\" decoding=\"async\" width=\"1024\" height=\"576\" src=\"https:\/\/peku.kapsi.fi\/blog\/wp-content\/uploads\/2019\/03\/DSC_0685-1024x576.jpg\" alt=\"\" class=\"wp-image-58\" srcset=\"https:\/\/peku.kapsi.fi\/blog\/wp-content\/uploads\/2019\/03\/DSC_0685-1024x576.jpg 1024w, https:\/\/peku.kapsi.fi\/blog\/wp-content\/uploads\/2019\/03\/DSC_0685-300x169.jpg 300w, https:\/\/peku.kapsi.fi\/blog\/wp-content\/uploads\/2019\/03\/DSC_0685-768x432.jpg 768w, https:\/\/peku.kapsi.fi\/blog\/wp-content\/uploads\/2019\/03\/DSC_0685-1400x788.jpg 1400w\" sizes=\"auto, (max-width: 1024px) 100vw, 1024px\" \/><figcaption>\u00d6ljyll\u00e4 ja ilman<\/figcaption><\/figure>\n\n\n\n<figure class=\"wp-block-image\"><img loading=\"lazy\" decoding=\"async\" width=\"1024\" height=\"576\" src=\"https:\/\/peku.kapsi.fi\/blog\/wp-content\/uploads\/2019\/03\/DSC_0549-1024x576.jpg\" alt=\"\" class=\"wp-image-57\" srcset=\"https:\/\/peku.kapsi.fi\/blog\/wp-content\/uploads\/2019\/03\/DSC_0549-1024x576.jpg 1024w, https:\/\/peku.kapsi.fi\/blog\/wp-content\/uploads\/2019\/03\/DSC_0549-300x169.jpg 300w, https:\/\/peku.kapsi.fi\/blog\/wp-content\/uploads\/2019\/03\/DSC_0549-768x432.jpg 768w, https:\/\/peku.kapsi.fi\/blog\/wp-content\/uploads\/2019\/03\/DSC_0549-1400x788.jpg 1400w\" sizes=\"auto, (max-width: 1024px) 100vw, 1024px\" \/><figcaption>Vanhanajan venelakkaa<\/figcaption><\/figure>\n","protected":false},"excerpt":{"rendered":"<p>Alkuper\u00e4iset tartuntakahvat ja knaapit ovat tiikki\u00e4 ja ovat tietysti vuosien mittaan kuivuneet ja haalistuneet. Irroitin ne kaikki, hioin ja \u00f6ljysin useaan kertaan. Joidenkin mielest\u00e4 on syyt\u00e4 my\u00f6s lakata, toiset sanoo ett\u00e4 \u00f6ljy riitt\u00e4\u00e4 ja ett\u00e4 sit\u00e4 voi lis\u00e4t\u00e4 tarpeen mukaan. T\u00e4ll\u00e4 kertaa laitoin vain \u00f6ljy\u00e4, katsotaan miten k\u00e4y. Knaapit tosin lakkasin, Vanhanajan venelakalla 7-8 kerrosta [&hellip;]<\/p>\n","protected":false},"author":1,"featured_media":0,"comment_status":"open","ping_status":"open","sticky":false,"template":"","format":"standard","meta":{"footnotes":""},"categories":[11],"tags":[],"class_list":["post-125","post","type-post","status-publish","format-standard","hentry","category-general-fi"],"_links":{"self":[{"href":"https:\/\/peku.kapsi.fi\/blog\/wp-json\/wp\/v2\/posts\/125","targetHints":{"allow":["GET"]}}],"collection":[{"href":"https:\/\/peku.kapsi.fi\/blog\/wp-json\/wp\/v2\/posts"}],"about":[{"href":"https:\/\/peku.kapsi.fi\/blog\/wp-json\/wp\/v2\/types\/post"}],"author":[{"embeddable":true,"href":"https:\/\/peku.kapsi.fi\/blog\/wp-json\/wp\/v2\/users\/1"}],"replies":[{"embeddable":true,"href":"https:\/\/peku.kapsi.fi\/blog\/wp-json\/wp\/v2\/comments?post=125"}],"version-history":[{"count":2,"href":"https:\/\/peku.kapsi.fi\/blog\/wp-json\/wp\/v2\/posts\/125\/revisions"}],"predecessor-version":[{"id":153,"href":"https:\/\/peku.kapsi.fi\/blog\/wp-json\/wp\/v2\/posts\/125\/revisions\/153"}],"wp:attachment":[{"href":"https:\/\/peku.kapsi.fi\/blog\/wp-json\/wp\/v2\/media?parent=125"}],"wp:term":[{"taxonomy":"category","embeddable":true,"href":"https:\/\/peku.kapsi.fi\/blog\/wp-json\/wp\/v2\/categories?post=125"},{"taxonomy":"post_tag","embeddable":true,"href":"https:\/\/peku.kapsi.fi\/blog\/wp-json\/wp\/v2\/tags?post=125"}],"curies":[{"name":"wp","href":"https:\/\/api.w.org\/{rel}","templated":true}]}}